{"id":5746,"date":"2026-07-21T20:12:58","date_gmt":"2026-07-22T01:12:58","guid":{"rendered":"https:\/\/www.destinocafe.com\/?p=5746"},"modified":"2026-07-21T20:12:58","modified_gmt":"2026-07-22T01:12:58","slug":"aroma-de-fiesta-en-temporada-vacacional-de-mitad-de-ano","status":"publish","type":"post","link":"https:\/\/www.destinocafe.com\/?p=5746","title":{"rendered":"Aroma de fiesta en temporada vacacional de mitad de a\u00f1o"},"content":{"rendered":"<p>Cuando el sol de junio comienza a calentar las laderas de los Andes centrales, el aire en el Eje Cafetero deja de oler solo a caf\u00e9 tostado para mezclarse con el aroma de la p\u00f3lvora artesanal, la madera de los desfiles y el sudor alegre de un pueblo que celebra su identidad. No es solo una temporada de vacaciones; es el momento en que el Paisaje Cultural Cafetero (PCC) se viste de gala para recordar que la vida, entre cafetales, se vive a otro ritmo. La traves\u00eda comienza en la \u00abVilla del Cacique\u00bb. Calarc\u00e1, en el Quind\u00edo, se convierte en el epicentro del orgullo regional con su Fiesta Nacional del Caf\u00e9. Aqu\u00ed, el tiempo parece detenerse cuando los Yipao \u2014esos Willys cargados hasta el absurdo con bultos de caf\u00e9, trasteos y hasta racimos de pl\u00e1tano\u2014 desaf\u00edan la gravedad en piruetas que son m\u00e1s un baile que una maniobra. A pocos kil\u00f3metros, el viento sopla m\u00e1s fresco en Filandia. Durante las vacaciones de mitad de a\u00f1o, este \u00abPueblo con Encanto\u00bb se sumerge en su historia con el Festival Camino del Quind\u00edo.<\/p>\n<p>&nbsp;<\/p>\n<p>CALARC\u00c1 Y SU FIESTA NACIONAL DEL CAF\u00c9, UN HOMENAJE A LA IDENTIDAD<\/p>\n<p>Cada a\u00f1o, cuando el calendario marca el mes de junio, Calarc\u00e1 se viste de gala para celebrar su Fiesta Nacional del Caf\u00e9. No es una celebraci\u00f3n cualquiera; es el pulso vital de la regi\u00f3n. Las calles se inundan con el sonido de las comparsas y el rugir de los motores de los tradicionales Yipao.<br \/>\nVer el desfile de los Jeep Willys es asistir a un milagro de la f\u00edsica y la nostalgia. Cargados hasta el tope con sacos de caf\u00e9, racimos de pl\u00e1tano, muebles de mimbre y hasta el \u00abcoroto\u00bb de la abuela, estos veh\u00edculos avanzan en sus dos ruedas traseras (los famosos \u00abpique\u00bb), desafiando la gravedad mientras el p\u00fablico aplaude con fervor. La programaci\u00f3n de las fiestas es un banquete cultural: desde el Reinado Nacional del Caf\u00e9, donde la belleza de la mujer colombiana compite por la corona, hasta los encuentros de artesanos y las ferias gastron\u00f3micas que convierten a la plaza principal en un hervidero de alegr\u00eda y tradici\u00f3n.<\/p>\n<p>M\u00e1s informaci\u00f3n: reinadonacionaldelcafe.com<\/p>\n<p>&nbsp;<\/p>\n<p>Jard\u00edn Bot\u00e1nico del Quind\u00edo, una joya de la conservaci\u00f3n mundial.<\/p>\n<p>Si el casco urbano es el alma de Calarc\u00e1, su entorno natural es su esp\u00edritu indomable. A pocos minutos del centro se encuentra el Jard\u00edn Bot\u00e1nico del Quind\u00edo, una joya de la conservaci\u00f3n mundial. Caminar por sus senderos es sumergirse en un santuario donde la vida estalla en cada rinc\u00f3n. Su estructura m\u00e1s ic\u00f3nica, el Mariposario dise\u00f1ado en forma de mariposa, alberga a m\u00e1s de 1,500 ejemplares de 40 especies nativas, creando una danza de colores que parece sacada de un realismo m\u00e1gico.<br \/>\nPara los buscadores de adrenalina y misticismo, el Ecoparque Las Pe\u00f1as Blancas ofrece una experiencia sobrecogedora. Esta enorme muralla de roca caliza, visible desde casi cualquier punto del Quind\u00edo, no solo es un reto para los amantes de la escalada y el senderismo, sino que guarda leyendas sobre tesoros ind\u00edgenas ocultos en sus cuevas. La vista desde la cima, con el valle del Quind\u00edo extendi\u00e9ndose a los pies, es un recordatorio de la peque\u00f1ez humana ante la majestuosidad de los Andes.<\/p>\n<p>&nbsp;<\/p>\n<p>El Ritual del Grano:<br \/>\nRECUCA y el Encanto de las Fincas<br \/>\nNo se puede entender Calarc\u00e1 sin \u00abponerse el poncho\u00bb. En RECUCA -Recorrido de la Cultura Cafetera, el turista deja de ser espectador para convertirse en caficultor por un d\u00eda. Con canasto al hombro y bajo el sol de la monta\u00f1a, se aprende el arte de la recolecci\u00f3n, el despulpe y el secado, culminando con la degustaci\u00f3n de una \u00abchaqueta\u00bb (caf\u00e9 con panela) que sabe a gloria y a esfuerzo.<br \/>\nPero el encanto no termina en la labor diaria. Las fincas cafeteras de Calarc\u00e1, muchas de ellas convertidas en hoteles boutique, ofrecen el lujo de lo aut\u00e9ntico. Dormir en una casa de guadua, despertar con el canto de los turpiales y desayunar con el aroma del caf\u00e9 reci\u00e9n tostado es una experiencia sensorial que ning\u00fan hotel de ciudad puede emular.<\/p>\n<p>&nbsp;<\/p>\n<p>Un Banquete para el Alma y un Descanso de Reyes<br \/>\nLa gastronom\u00eda calarque\u00f1a es un cap\u00edtulo aparte. El Sudado Monta\u00f1ero servido en hoja de pl\u00e1tano, la trucha en sus m\u00faltiples presentaciones y, por supuesto, la Bandeja Paisa, son los protagonistas de una mesa generosa. Pero la innovaci\u00f3n tambi\u00e9n tiene lugar: caf\u00e9s de especialidad preparados con m\u00e9todos artesanales (Chemex, Sif\u00f3n, Prensa Francesa) permiten descubrir notas de sabor que van desde el chocolate amargo hasta los frutos rojos.<br \/>\nEn cuanto a su infraestructura, Calarc\u00e1 ha sabido evolucionar sin perder su esencia. Su capacidad hotelera es diversa y sofisticada. Desde hostales coloniales en el centro del pueblo que conservan el encanto de anta\u00f1o, hasta complejos tur\u00edsticos de primer nivel con piscinas infinitas que miran hacia los cafetales, el municipio garantiza una estancia confortable para cada tipo de viajero.<\/p>\n<p>&nbsp;<\/p>\n<p>\u201cA Festival of Aroma: The Heart of the World<br \/>\nOpens in Colombia\u2019s Coffee Cultural Landscape\u201d<\/p>\n<p>When the June sun begins to warm the slopes of the central Andes, the air across Colombia\u2019s Coffee Region no longer smells only of roasted coffee. It blends with the scent of fireworks, parade floats, and the joyful energy of a people celebrating their identity. This is more than a holiday season. It is the moment when the Coffee Cultural Landscape dresses in celebration and reminds the world that life among coffee plantations moves to a different rhythm.<br \/>\nThe journey begins in Calarc\u00e1, Quind\u00edo, during the National Coffee Festival. Here, the famous Yipao parades take center stage, with traditional Willys Jeeps carrying impossible loads of coffee sacks, furniture, and farm products in a colorful display of local heritage and creativity.<br \/>\nA few kilometers away, the charming town of Filandia comes alive during the Camino del Quind\u00edo Festival. Its streets, lined with traditional colonial architecture, become a stage where history, music, and culture reconnect visitors with the spirit of the region.<br \/>\nCrossing into the department of Caldas, the landscape opens toward Viterbo, known as the \u201cTourist Paradise of Caldas.\u201d Its Sam\u00e1n Festival offers music, tradition, and warm hospitality beneath the shade of its iconic trees, creating another unforgettable stop within the living culture of Colombia\u2019s Coffee Region.<\/p>\n","protected":false},"excerpt":{"rendered":"<p>Cuando el sol de junio comienza a calentar las laderas de los Andes centrales, el aire en el Eje Cafetero deja de oler solo a caf\u00e9 tostado para mezclarse con el aroma de la p\u00f3lvora artesanal, la madera de los desfiles y el sudor alegre de un pueblo que celebra su identidad. No es solo [&hellip;]<\/p>\n","protected":false},"author":14199,"featured_media":5748,"comment_status":"open","ping_status":"open","sticky":false,"template":"","format":"standard","meta":{"footnotes":""},"categories":[34],"tags":[],"class_list":["post-5746","post","type-post","status-publish","format-standard","has-post-thumbnail","hentry","category-actualidad"],"_links":{"self":[{"href":"https:\/\/www.destinocafe.com\/index.php?rest_route=\/wp\/v2\/posts\/5746","targetHints":{"allow":["GET"]}}],"collection":[{"href":"https:\/\/www.destinocafe.com\/index.php?rest_route=\/wp\/v2\/posts"}],"about":[{"href":"https:\/\/www.destinocafe.com\/index.php?rest_route=\/wp\/v2\/types\/post"}],"author":[{"embeddable":true,"href":"https:\/\/www.destinocafe.com\/index.php?rest_route=\/wp\/v2\/users\/14199"}],"replies":[{"embeddable":true,"href":"https:\/\/www.destinocafe.com\/index.php?rest_route=%2Fwp%2Fv2%2Fcomments&post=5746"}],"version-history":[{"count":1,"href":"https:\/\/www.destinocafe.com\/index.php?rest_route=\/wp\/v2\/posts\/5746\/revisions"}],"predecessor-version":[{"id":5749,"href":"https:\/\/www.destinocafe.com\/index.php?rest_route=\/wp\/v2\/posts\/5746\/revisions\/5749"}],"wp:featuredmedia":[{"embeddable":true,"href":"https:\/\/www.destinocafe.com\/index.php?rest_route=\/wp\/v2\/media\/5748"}],"wp:attachment":[{"href":"https:\/\/www.destinocafe.com\/index.php?rest_route=%2Fwp%2Fv2%2Fmedia&parent=5746"}],"wp:term":[{"taxonomy":"category","embeddable":true,"href":"https:\/\/www.destinocafe.com\/index.php?rest_route=%2Fwp%2Fv2%2Fcategories&post=5746"},{"taxonomy":"post_tag","embeddable":true,"href":"https:\/\/www.destinocafe.com\/index.php?rest_route=%2Fwp%2Fv2%2Ftags&post=5746"}],"curies":[{"name":"wp","href":"https:\/\/api.w.org\/{rel}","templated":true}]}}